{"id":21,"date":"2012-10-15T12:10:40","date_gmt":"2012-10-15T10:10:40","guid":{"rendered":"https:\/\/cigip2.webs.upv.es\/wp\/?page_id=21"},"modified":"2024-02-28T11:54:02","modified_gmt":"2024-02-28T10:54:02","slug":"idea","status":"publish","type":"post","link":"https:\/\/cigip.webs.upv.es\/en\/idea\/","title":{"rendered":"E. 2012-3041\/001-003. Inter Disciplinary Education Agenda &#8211; An essential driver for innovation (IDEA)"},"content":{"rendered":"\t\t<div data-elementor-type=\"wp-post\" data-elementor-id=\"21\" class=\"elementor elementor-21\" data-elementor-post-type=\"post\">\n\t\t\t\t<div class=\"elementor-element elementor-element-223c0ed6 e-flex e-con-boxed e-con e-parent\" data-id=\"223c0ed6\" data-element_type=\"container\" data-e-type=\"container\">\n\t\t\t\t\t<div class=\"e-con-inner\">\n\t\t\t\t\t<\/div>\n\t\t\t\t<\/div>\n\t\t<div class=\"elementor-element elementor-element-ba4daa4 e-flex e-con-boxed e-con e-parent\" data-id=\"ba4daa4\" data-element_type=\"container\" data-e-type=\"container\">\n\t\t\t\t\t<div class=\"e-con-inner\">\n\t\t\t\t<div class=\"elementor-element elementor-element-e6e19ad elementor-widget elementor-widget-heading\" data-id=\"e6e19ad\" data-element_type=\"widget\" data-e-type=\"widget\" data-widget_type=\"heading.default\">\n\t\t\t\t<div class=\"elementor-widget-container\">\n\t\t\t\t\t<h2 class=\"elementor-heading-title elementor-size-default\">Proyectos I+D europeos - a\u00f1o 2012<\/h2>\t\t\t\t<\/div>\n\t\t\t\t<\/div>\n\t\t\t\t<div class=\"elementor-element elementor-element-0068e2b elementor-widget elementor-widget-heading\" data-id=\"0068e2b\" data-element_type=\"widget\" data-e-type=\"widget\" data-widget_type=\"heading.default\">\n\t\t\t\t<div class=\"elementor-widget-container\">\n\t\t\t\t\t<h2 class=\"elementor-heading-title elementor-size-default\">Agenda educativa interdisciplinaria: un motor esencial para la innovaci\u00f3n (IDEA)<\/h2>\t\t\t\t<\/div>\n\t\t\t\t<\/div>\n\t\t\t\t<div class=\"elementor-element elementor-element-4e3ff55 elementor-widget elementor-widget-text-editor\" data-id=\"4e3ff55\" data-element_type=\"widget\" data-e-type=\"widget\" data-widget_type=\"text-editor.default\">\n\t\t\t\t<div class=\"elementor-widget-container\">\n\t\t\t\t\t\t\t\t\t<div>\n<p><span>Referencia:&nbsp;<\/span>2012-3041\/001-003<br><span>Periodo de ejecuci\u00f3n:&nbsp;<\/span>15\/10\/2012 &#8211; 15\/02\/2016<br><span>Tipo:&nbsp;<\/span>Cooperaci\u00f3n acad\u00e9mica\/educativa<br><span>Importe:&nbsp;<\/span>42.511,99 \u20ac<br><span>Entidad financiadora:&nbsp;<\/span>Comisi\u00f3n de las Comunidades europeas<br><span>Investigador principal:&nbsp;<\/span>Poler Escoto, Ra\u00fal<br><span>Participantes:&nbsp;<\/span>G\u00f3mez-Gasquet, Pedro; Poler R.; Vicens Salort, Eduardo; Cuenca, L.; Boza Garcia, Andres; Sanchis Gisbert, Raquel; Andres, B.; Songel Gonz\u00e1lez, Gabriel; Alfaro Saiz, Juan Jos\u00e9;&nbsp; Asensio Cuesta, Sabina; Verdecho S\u00e1ez, Mar\u00eda Jos\u00e9<br><span>Consorcio:<br><\/span>Shenkar College of Engineering and Design&nbsp;<span style=\"font-size: 12px; line-height: 0; position: relative; vertical-align: baseline; top: -0.5em;\">(Coordinador)<\/span>; Holon Institute of Technology; Tel Aviv University; Sapir Academic College; The NB School of Design; Manufacturers Association of Israel; University of Brighton; Politechnico Di Milano; Universitat Polit\u00e8cnica de Val\u00e8ncia; M\u00e4lardalen University; Cologne University of Applied Sciences; Material ConneXion<\/p>\n<\/div>\n<div>\n<p>Resumen:<\/p>\n<p><span style=\"text-align: var(--text-align); background-color: var( --e-global-color-accent );\">El proyecto tiene como objetivo mejorar la explotaci\u00f3n de una nueva integraci\u00f3n de conocimientos en el \u00e1rea interdisciplinaria de Ingenier\u00eda, Dise\u00f1o y Negocios en institutos de educaci\u00f3n superior desde una perspectiva industrial, mejorando la innovaci\u00f3n y las relaciones entre la academia y la industria.<\/span><br><\/p>\n<p>Raz\u00f3n fundamental:<\/p>\n<p>La competencia global conduce a un cambio considerable en la distribuci\u00f3n del poder econ\u00f3mico mundial y ahora es evidente la necesidad de la innovaci\u00f3n como motor vital para el crecimiento sostenible.<\/p>\n<p>En los \u00faltimos a\u00f1os, las empresas se han dado cuenta de que la interconexi\u00f3n entre la creatividad pionera de dise\u00f1adores e ingenieros complementada con modelos de negocio innovadores tiene la capacidad de establecer su pr\u00f3xima ventaja competitiva.<\/p>\n<p>La fuerte cultura del entorno acad\u00e9mico basada en la investigaci\u00f3n debe estar atenta a las necesidades de la industria y los mercados y debe promover nuevas sinergias de conocimiento.<\/p>\n<p>En este contexto, encuentra sus ra\u00edces el proyecto IDEA (Agenda Educativa Interdisciplinaria, un motor esencial para la innovaci\u00f3n).<\/p>\n<p>Objetivos m\u00e1s amplios<\/p>\n<p>&#8211; Cerrar eficazmente las brechas dentro del tri\u00e1ngulo del conocimiento y apoyar los esfuerzos actuales de la industria para hacer frente a los desaf\u00edos econ\u00f3micos globales.<\/p>\n<p>&#8211; Fortalecer la colaboraci\u00f3n academia-industria en el \u00e1mbito de la innovaci\u00f3n y enfatizar el papel de las IES en el tri\u00e1ngulo del conocimiento.<\/p>\n<p>&#8211; Estimular la integraci\u00f3n innovadora y las sinergias de conocimiento de las disciplinas de ingenier\u00eda, dise\u00f1o y negocios dentro de una amplia gama de proyectos e industrias.<\/p>\n<p>&#8211; Mejorar la empleabilidad de los estudiantes y fortalecer la capacidad de las IES para satisfacer las demandas de innovaci\u00f3n del mercado laboral.<\/p>\n<p>Objetivos espec\u00edficos<\/p>\n<p>&#8211; Modernizar la cultura de innovaci\u00f3n multidisciplinaria en las IES israel\u00edes a trav\u00e9s de nuevas sinergias entre las disciplinas de ingenier\u00eda, dise\u00f1o y negocios que involucran a la industria.<\/p>\n<p>&#8211; Establecer un marco com\u00fan para educadores y estudiantes de diferentes disciplinas que los dotar\u00e1 de los m\u00e9todos, habilidades y atributos necesarios para trabajar en entornos interdisciplinarios.<\/p>\n<p>&#8211; Establecer un mecanismo operativo institucional para mejorar el desempe\u00f1o del tri\u00e1ngulo del conocimiento y la colaboraci\u00f3n entre la academia y la industria.<\/p>\n<ul style=\"font-size: 16px;\">\n<\/ul>\n<\/div>\t\t\t\t\t\t\t\t<\/div>\n\t\t\t\t<\/div>\n\t\t\t\t<div class=\"elementor-element elementor-element-bccfbaa elementor-widget elementor-widget-image\" data-id=\"bccfbaa\" data-element_type=\"widget\" data-e-type=\"widget\" data-widget_type=\"image.default\">\n\t\t\t\t<div class=\"elementor-widget-container\">\n\t\t\t\t\t\t\t\t\t\t\t\t\t\t\t<img decoding=\"async\" src=\"https:\/\/cigip.webs.upv.es\/wp-content\/uploads\/elementor\/thumbs\/eu_funded_en-qkdm1mzxh1o1u39tej04w7ywgl1iy31zlw3izm0sw2.jpg\" title=\"Flag_2colors.eps\" alt=\"Flag_2colors.eps\" loading=\"lazy\" \/>\t\t\t\t\t\t\t\t\t\t\t\t\t\t\t<\/div>\n\t\t\t\t<\/div>\n\t\t\t\t<div class=\"elementor-element elementor-element-72b1787 elementor-widget-divider--view-line elementor-widget elementor-widget-divider\" data-id=\"72b1787\" data-element_type=\"widget\" data-e-type=\"widget\" data-widget_type=\"divider.default\">\n\t\t\t\t<div class=\"elementor-widget-container\">\n\t\t\t\t\t\t\t<div class=\"elementor-divider\">\n\t\t\t<span class=\"elementor-divider-separator\">\n\t\t\t\t\t\t<\/span>\n\t\t<\/div>\n\t\t\t\t\t\t<\/div>\n\t\t\t\t<\/div>\n\t\t\t\t\t<\/div>\n\t\t\t\t<\/div>\n\t\t\t\t<\/div>\n\t\t","protected":false},"excerpt":{"rendered":"<p>Proyectos I+D europeos &#8211; a\u00f1o 2012 Agenda educativa interdisciplinaria: un motor esencial para la innovaci\u00f3n (IDEA) Referencia:&nbsp;2012-3041\/001-003Periodo de ejecuci\u00f3n:&nbsp;15\/10\/2012 &#8211; 15\/02\/2016Tipo:&nbsp;Cooperaci\u00f3n acad\u00e9mica\/educativaImporte:&nbsp;42.511,99 \u20acEntidad financiadora:&nbsp;Comisi\u00f3n de las Comunidades europeasInvestigador principal:&nbsp;Poler Escoto, Ra\u00falParticipantes:&nbsp;G\u00f3mez-Gasquet, Pedro; Poler R.; Vicens Salort, Eduardo; Cuenca, L.; Boza Garcia, Andres; Sanchis Gisbert, Raquel; Andres, B.; Songel Gonz\u00e1lez, Gabriel; Alfaro Saiz, Juan Jos\u00e9;&nbsp; Asensio [&hellip;]<\/p>\n","protected":false},"author":1,"featured_media":20,"comment_status":"closed","ping_status":"closed","sticky":false,"template":"","format":"standard","meta":{"_eb_attr":"","footnotes":""},"categories":[102,104,521,103],"tags":[],"class_list":["post-21","post","type-post","status-publish","format-standard","has-post-thumbnail","hentry","category-investigacion","category-proyectos-europeos","category-proyectos-europeos-2012","category-proyectos-i-d"],"_links":{"self":[{"href":"https:\/\/cigip.webs.upv.es\/en\/wp-json\/wp\/v2\/posts\/21","targetHints":{"allow":["GET"]}}],"collection":[{"href":"https:\/\/cigip.webs.upv.es\/en\/wp-json\/wp\/v2\/posts"}],"about":[{"href":"https:\/\/cigip.webs.upv.es\/en\/wp-json\/wp\/v2\/types\/post"}],"author":[{"embeddable":true,"href":"https:\/\/cigip.webs.upv.es\/en\/wp-json\/wp\/v2\/users\/1"}],"replies":[{"embeddable":true,"href":"https:\/\/cigip.webs.upv.es\/en\/wp-json\/wp\/v2\/comments?post=21"}],"version-history":[{"count":0,"href":"https:\/\/cigip.webs.upv.es\/en\/wp-json\/wp\/v2\/posts\/21\/revisions"}],"wp:featuredmedia":[{"embeddable":true,"href":"https:\/\/cigip.webs.upv.es\/en\/wp-json\/wp\/v2\/media\/20"}],"wp:attachment":[{"href":"https:\/\/cigip.webs.upv.es\/en\/wp-json\/wp\/v2\/media?parent=21"}],"wp:term":[{"taxonomy":"category","embeddable":true,"href":"https:\/\/cigip.webs.upv.es\/en\/wp-json\/wp\/v2\/categories?post=21"},{"taxonomy":"post_tag","embeddable":true,"href":"https:\/\/cigip.webs.upv.es\/en\/wp-json\/wp\/v2\/tags?post=21"}],"curies":[{"name":"wp","href":"https:\/\/api.w.org\/{rel}","templated":true}]}}