{"id":340,"date":"2014-05-26T10:11:18","date_gmt":"2014-05-26T08:11:18","guid":{"rendered":"https:\/\/cigip2.webs.upv.es\/wp\/?page_id=340"},"modified":"2024-02-26T13:37:06","modified_gmt":"2024-02-26T12:37:06","slug":"premio-internacional-para-dos-investigadores-del-campus-d-alcoi-de-la-upv","status":"publish","type":"post","link":"https:\/\/cigip.webs.upv.es\/en\/premio-internacional-para-dos-investigadores-del-campus-d-alcoi-de-la-upv\/","title":{"rendered":"E. Premio Internacional para dos investigadores del Campus d\u2019Alcoi de la UPV"},"content":{"rendered":"\t\t<div data-elementor-type=\"wp-post\" data-elementor-id=\"340\" class=\"elementor elementor-340\" data-elementor-post-type=\"post\">\n\t\t\t\t<div class=\"elementor-element elementor-element-7c1d2bfa e-flex e-con-boxed e-con e-parent\" data-id=\"7c1d2bfa\" data-element_type=\"container\" data-e-type=\"container\">\n\t\t\t\t\t<div class=\"e-con-inner\">\n\t\t\t\t\t<\/div>\n\t\t\t\t<\/div>\n\t\t<div class=\"elementor-element elementor-element-b8facaa e-flex e-con-boxed e-con e-parent\" data-id=\"b8facaa\" data-element_type=\"container\" data-e-type=\"container\">\n\t\t\t\t\t<div class=\"e-con-inner\">\n\t\t\t\t<div class=\"elementor-element elementor-element-8ec395c elementor-widget elementor-widget-heading\" data-id=\"8ec395c\" data-element_type=\"widget\" data-e-type=\"widget\" data-widget_type=\"heading.default\">\n\t\t\t\t<div class=\"elementor-widget-container\">\n\t\t\t\t\t<h2 class=\"elementor-heading-title elementor-size-default\">Premio internacional para dos investigadores del campus de Alcoy de la UPV<\/h2>\t\t\t\t<\/div>\n\t\t\t\t<\/div>\n\t\t\t\t<div class=\"elementor-element elementor-element-d4d7c7c elementor-widget elementor-widget-text-editor\" data-id=\"d4d7c7c\" data-element_type=\"widget\" data-e-type=\"widget\" data-widget_type=\"text-editor.default\">\n\t\t\t\t<div class=\"elementor-widget-container\">\n\t\t\t\t\t\t\t\t\t<p><span style=\"font-weight: bolder;\">El trabajo investiga las redes colaborativas formadas por las PYMEs<\/span>.<\/p><p style=\"text-align: justify;\"><span style=\"font-weight: bolder;\">Beatriz Andr\u00e9s<\/span>, estudiante de doctorado, y\u00a0<span style=\"font-weight: bolder;\">Ra\u00fal Poler<\/span>, catedr\u00e1tico de la Universitat Polit\u00e8cnica de Val\u00e8ncia, pertenecientes al Centro de Investigaci\u00f3n de Gesti\u00f3n e Ingenier\u00eda de Producci\u00f3n (<span style=\"font-weight: bolder;\">CIGIP<\/span>) en el Campus d\u2019Alcoi de la UPV, han sido galardonados en la conferencia internacional\u00a0<em><span style=\"font-weight: bolder;\">I-ESA 2014 (7th International Conference)<\/span><\/em>, celebrada recientemente en Albi (Francia)<\/p><p class=\"imgNotileft mod-shadow\" style=\"text-align: center;\"><a href=\"https:\/\/cigip.webs.upv.es\/wp-content\/uploads\/2014\/05\/intercomarcal_26052014.jpg\" data-lightbox=\"on\"><img decoding=\"async\" style=\"display: block; margin-left: auto; margin-right: auto;\" src=\"https:\/\/cigip.webs.upv.es\/wp-content\/uploads\/2014\/05\/intercomarcal_26052014.jpg\" alt=\"\" width=\"100\" \/><\/a><br \/><img decoding=\"async\" class=\" size-full wp-image-311\" src=\"https:\/\/cigip.webs.upv.es\/wp-content\/uploads\/2003\/01\/lupa_mas.png\" alt=\"ampliar\" width=\"20\" height=\"20\" \/>Pulse para ampliar<\/p><p style=\"text-align: justify;\">Recibieron el premio al mejor trabajo de investigaci\u00f3n presentado en la conferencia I-ESA \u201814. La comunicaci\u00f3n titulada\u00a0<em>&#8220;Computing the strategies alignment in Collaborative Networks&#8221;<\/em>\u00a0fue presentada en el \u00e1rea de\u00a0<em>&#8220;Business Interoperability&#8221;<\/em>. El art\u00edculo presenta especial relevancia en el contexto de investigaci\u00f3n de redes colaborativas de empresas, permitiendo modelar de forma gen\u00e9rica las redes colaborativas considerando los objetivos y estrategias definidas por las empresas que la forman, lo que permite identificar la influencia que las estrategias definidas por una empresa de la red tienen sobre los objetivos que se definen en el resto de empresas que forman parte de la red colaborativa.<img decoding=\"async\" class=\"mod-shadow alignright size-full wp-image-339\" src=\"https:\/\/cigip.webs.upv.es\/wp-content\/uploads\/2014\/05\/noti_26052014.jpg\" alt=\"\" width=\"200\" height=\"133\" \/><\/p><p style=\"text-align: justify;\">El modelo propuesto permite a los investigadores y profesionales identificar cu\u00e1les son las estrategias alineadas entre las definidas por las empresas que forman la red. Esto permite mejorar los objetivos de las empresas y consecuentemente el rendimiento de la red a la cual pertenecen.<\/p><p style=\"text-align: justify;\">La comunicaci\u00f3n se encuentra dentro del campo de estudio de la iniciativa<em>\u00a0iNet\u2022IMS Intellygent Non-Hierarchical Networks<\/em>.<\/p><p style=\"text-align: justify;\">Dicho reconocimiento pone de manifiesto, una vez m\u00e1s la calidad de la investigaci\u00f3n que se est\u00e1 desarrollando en el Centro de Investigaci\u00f3n de Gesti\u00f3n e Ingenier\u00eda de Producci\u00f3n (CIGIP) en el Campus d\u2019Alcoi de la UPV.<\/p><hr style=\"background-color: #ffffff;\" \/><p>Las noticias on-line, se encuentran disponibles en:<\/p><p><span class=\"textoRojo textoNegrita\">INTERCOMARCAL:\u00a0<\/span><a href=\"http:\/\/www.intercomarcal.com\/noticias\/COMARCA\/premio-internacional-para-dos-investigadores-del-campus-d%C2%B4alcoi-de-la-upvel-trabajo-investiga-las-redes-colaborativas-formadas-por-las-pymes\/57629\" target=\"_blank\" rel=\"noopener\">http:\/\/www.intercomarcal.com\/noticias\/COMARCA\/premio-internacional-para-dos-investigadores-del-campus-d%C2%B4alcoi-de-la-upvel-trabajo-investiga-las-redes-colaborativas-formadas-por-las-pymes\/57629<\/a><\/p><p><span class=\"textoRojo textoNegrita\">UPV:<\/span>\u00a0<a href=\"http:\/\/www.epsa.upv.es\/noticia_detalle.php?lang=es&amp;idnot=246\" target=\"_blank\" rel=\"noopener\">http:\/\/www.epsa.upv.es\/noticia_detalle.php?lang=es&amp;idnot=246<\/a><\/p>\t\t\t\t\t\t\t\t<\/div>\n\t\t\t\t<\/div>\n\t\t\t\t<div class=\"elementor-element elementor-element-1b18b68 elementor-widget-divider--view-line elementor-widget elementor-widget-divider\" data-id=\"1b18b68\" data-element_type=\"widget\" data-e-type=\"widget\" data-widget_type=\"divider.default\">\n\t\t\t\t<div class=\"elementor-widget-container\">\n\t\t\t\t\t\t\t<div class=\"elementor-divider\">\n\t\t\t<span class=\"elementor-divider-separator\">\n\t\t\t\t\t\t<\/span>\n\t\t<\/div>\n\t\t\t\t\t\t<\/div>\n\t\t\t\t<\/div>\n\t\t\t\t\t<\/div>\n\t\t\t\t<\/div>\n\t\t\t\t<\/div>\n\t\t","protected":false},"excerpt":{"rendered":"<p class=\"imgNotiright mod-shadow\">Publicado en:<br \/><img decoding=\"async\" class=\" size-full wp-image-337\" src=\"https:\/\/cigip.webs.upv.es\/\/wp-content\/uploads\/2014\/05\/logo_intercomarcal.png\" alt=\"\" width=\"87\" height=\"33\" \/><\/p>\n<p>El trabajo investiga las redes colaborativas formadas por las PYMEs.<\/p>\n<p style=\"text-align: justify;\"><strong>Beatriz Andr\u00e9s<\/strong>, estudiante de doctorado, y <strong>Ra\u00fal Poler<\/strong>, catedr\u00e1tico de la Universitat Polit\u00e8cnica de Val\u00e8ncia, pertenecientes al Centro de Investigaci\u00f3n de Gesti\u00f3n e Ingenier\u00eda de Producci\u00f3n (<strong>CIGIP<\/strong>) en el Campus d\u2019Alcoi de la UPV, han sido galardonados en la conferencia internacional <em><strong>I-ESA 2014 (7th International Conference)<\/strong><\/em>, celebrada recientemente en Albi (Francia)<\/p>\n","protected":false},"author":1,"featured_media":6553,"comment_status":"closed","ping_status":"closed","sticky":false,"template":"","format":"standard","meta":{"_eb_attr":"","footnotes":""},"categories":[807,811],"tags":[],"class_list":["post-340","post","type-post","status-publish","format-standard","has-post-thumbnail","hentry","category-actualidad","category-noticias"],"_links":{"self":[{"href":"https:\/\/cigip.webs.upv.es\/en\/wp-json\/wp\/v2\/posts\/340","targetHints":{"allow":["GET"]}}],"collection":[{"href":"https:\/\/cigip.webs.upv.es\/en\/wp-json\/wp\/v2\/posts"}],"about":[{"href":"https:\/\/cigip.webs.upv.es\/en\/wp-json\/wp\/v2\/types\/post"}],"author":[{"embeddable":true,"href":"https:\/\/cigip.webs.upv.es\/en\/wp-json\/wp\/v2\/users\/1"}],"replies":[{"embeddable":true,"href":"https:\/\/cigip.webs.upv.es\/en\/wp-json\/wp\/v2\/comments?post=340"}],"version-history":[{"count":0,"href":"https:\/\/cigip.webs.upv.es\/en\/wp-json\/wp\/v2\/posts\/340\/revisions"}],"wp:featuredmedia":[{"embeddable":true,"href":"https:\/\/cigip.webs.upv.es\/en\/wp-json\/wp\/v2\/media\/6553"}],"wp:attachment":[{"href":"https:\/\/cigip.webs.upv.es\/en\/wp-json\/wp\/v2\/media?parent=340"}],"wp:term":[{"taxonomy":"category","embeddable":true,"href":"https:\/\/cigip.webs.upv.es\/en\/wp-json\/wp\/v2\/categories?post=340"},{"taxonomy":"post_tag","embeddable":true,"href":"https:\/\/cigip.webs.upv.es\/en\/wp-json\/wp\/v2\/tags?post=340"}],"curies":[{"name":"wp","href":"https:\/\/api.w.org\/{rel}","templated":true}]}}