{"id":775,"date":"2014-11-10T08:30:30","date_gmt":"2014-11-10T07:30:30","guid":{"rendered":"https:\/\/cigip2.webs.upv.es\/wp\/?page_id=775"},"modified":"2024-02-28T11:57:01","modified_gmt":"2024-02-28T10:57:01","slug":"c2net","status":"publish","type":"post","link":"https:\/\/cigip.webs.upv.es\/en\/c2net\/","title":{"rendered":"E. 636909. C2NET &#8211; Cloud Collaborative Manufacturing Networks"},"content":{"rendered":"\t\t<div data-elementor-type=\"wp-post\" data-elementor-id=\"775\" class=\"elementor elementor-775\" data-elementor-post-type=\"post\">\n\t\t\t\t<div class=\"elementor-element elementor-element-30ad364b e-flex e-con-boxed e-con e-parent\" data-id=\"30ad364b\" data-element_type=\"container\" data-e-type=\"container\">\n\t\t\t\t\t<div class=\"e-con-inner\">\n\t\t\t\t\t<\/div>\n\t\t\t\t<\/div>\n\t\t<div class=\"elementor-element elementor-element-01fef8a e-flex e-con-boxed e-con e-parent\" data-id=\"01fef8a\" data-element_type=\"container\" data-e-type=\"container\">\n\t\t\t\t\t<div class=\"e-con-inner\">\n\t\t\t\t<div class=\"elementor-element elementor-element-7774c26 elementor-widget elementor-widget-heading\" data-id=\"7774c26\" data-element_type=\"widget\" data-e-type=\"widget\" data-widget_type=\"heading.default\">\n\t\t\t\t<div class=\"elementor-widget-container\">\n\t\t\t\t\t<h2 class=\"elementor-heading-title elementor-size-default\">Proyectos I+D europeos - a\u00f1o 2015<\/h2>\t\t\t\t<\/div>\n\t\t\t\t<\/div>\n\t\t\t\t<div class=\"elementor-element elementor-element-973273c elementor-widget elementor-widget-heading\" data-id=\"973273c\" data-element_type=\"widget\" data-e-type=\"widget\" data-widget_type=\"heading.default\">\n\t\t\t\t<div class=\"elementor-widget-container\">\n\t\t\t\t\t<h2 class=\"elementor-heading-title elementor-size-default\">C2NET: redes de fabricaci\u00f3n colaborativa en la nube<\/h2>\t\t\t\t<\/div>\n\t\t\t\t<\/div>\n\t\t\t\t<div class=\"elementor-element elementor-element-6c3d751 elementor-widget elementor-widget-text-editor\" data-id=\"6c3d751\" data-element_type=\"widget\" data-e-type=\"widget\" data-widget_type=\"text-editor.default\">\n\t\t\t\t<div class=\"elementor-widget-container\">\n\t\t\t\t\t\t\t\t\t<div>\n<p><span>Referencia:&nbsp;<\/span>636909<br><span>Periodo de ejecuci\u00f3n:&nbsp;<\/span>01\/01\/2015 &#8211; 31\/12\/2017<br><span>Tipo:&nbsp;<\/span>I+D Colaborativa competitiva<br><span>Clave espec\u00edfica:&nbsp;<\/span>20140709<br><span>Importe:&nbsp;<\/span>259.622\u20ac<br><span>Entidad financiadora:&nbsp;<\/span>COMISION DE LAS COMUNIDADES EUROPEA<br><span>Investigador principal:&nbsp;<\/span>Ra\u00fal Poler<br><span>Participantes:&nbsp;<\/span>Poler, R.; Ortiz Bas, \u00c1ngel; Mula, Josefa; Andres, B.; D\u00edaz-Madro\u00f1ero Boluda, Francisco Manuel; Sanchis, R<\/p>\n<\/div>\n<div>\n<p>Descripci\u00f3n:<\/p><p>El objetivo del Proyecto C2NET es la creaci\u00f3n de herramientas habilitadas en la nube para respaldar la planificaci\u00f3n, programaci\u00f3n y reposici\u00f3n colaborativa de productos, componentes y materiales a lo largo de la red de suministro. C2NET proporcionar\u00e1 infraestructura, plataforma y software en la nube para permitir a los socios de la red de suministro a) almacenar datos de productos, procesos y log\u00edstica, b) optimizar los activos de fabricaci\u00f3n mediante el c\u00e1lculo colaborativo de planes de producci\u00f3n, c) optimizar los activos log\u00edsticos a trav\u00e9s de sistemas eficientes. planes de entrega y d) presentar el conjunto completo de informaci\u00f3n de gesti\u00f3n de la cadena de suministro en cualquier dispositivo digital (PC, tabletas, tel\u00e9fonos inteligentes,\u2026) de los tomadores de decisiones, permiti\u00e9ndoles monitorear, visualizar, controlar, compartir y colaborar.<\/p><p>Web: c2net-project.eu<\/p>\n<\/div>\t\t\t\t\t\t\t\t<\/div>\n\t\t\t\t<\/div>\n\t\t\t\t<div class=\"elementor-element elementor-element-de0b448 elementor-widget elementor-widget-image\" data-id=\"de0b448\" data-element_type=\"widget\" data-e-type=\"widget\" data-widget_type=\"image.default\">\n\t\t\t\t<div class=\"elementor-widget-container\">\n\t\t\t\t\t\t\t\t\t\t\t\t\t\t\t<img decoding=\"async\" src=\"https:\/\/cigip.webs.upv.es\/wp-content\/uploads\/elementor\/thumbs\/eu_funded_en-qkdm1mzxh1o1u39tej04w7ywgl1iy31zlw3izm0sw2.jpg\" title=\"Flag_2colors.eps\" alt=\"Flag_2colors.eps\" loading=\"lazy\" \/>\t\t\t\t\t\t\t\t\t\t\t\t\t\t\t<\/div>\n\t\t\t\t<\/div>\n\t\t\t\t<div class=\"elementor-element elementor-element-9bc5c2c elementor-widget-divider--view-line elementor-widget elementor-widget-divider\" data-id=\"9bc5c2c\" data-element_type=\"widget\" data-e-type=\"widget\" data-widget_type=\"divider.default\">\n\t\t\t\t<div class=\"elementor-widget-container\">\n\t\t\t\t\t\t\t<div class=\"elementor-divider\">\n\t\t\t<span class=\"elementor-divider-separator\">\n\t\t\t\t\t\t<\/span>\n\t\t<\/div>\n\t\t\t\t\t\t<\/div>\n\t\t\t\t<\/div>\n\t\t\t\t\t<\/div>\n\t\t\t\t<\/div>\n\t\t\t\t<\/div>\n\t\t","protected":false},"excerpt":{"rendered":"<p>Proyectos I+D europeos &#8211; a\u00f1o 2015 C2NET: redes de fabricaci\u00f3n colaborativa en la nube Referencia:&nbsp;636909Periodo de ejecuci\u00f3n:&nbsp;01\/01\/2015 &#8211; 31\/12\/2017Tipo:&nbsp;I+D Colaborativa competitivaClave espec\u00edfica:&nbsp;20140709Importe:&nbsp;259.622\u20acEntidad financiadora:&nbsp;COMISION DE LAS COMUNIDADES EUROPEAInvestigador principal:&nbsp;Ra\u00fal PolerParticipantes:&nbsp;Poler, R.; Ortiz Bas, \u00c1ngel; Mula, Josefa; Andres, B.; D\u00edaz-Madro\u00f1ero Boluda, Francisco Manuel; Sanchis, R Descripci\u00f3n: El objetivo del Proyecto C2NET es la creaci\u00f3n de herramientas habilitadas [&hellip;]<\/p>\n","protected":false},"author":1,"featured_media":774,"comment_status":"closed","ping_status":"closed","sticky":false,"template":"","format":"standard","meta":{"_eb_attr":"","footnotes":""},"categories":[102,104,515,103],"tags":[],"class_list":["post-775","post","type-post","status-publish","format-standard","has-post-thumbnail","hentry","category-investigacion","category-proyectos-europeos","category-proyectos-europeos-2015","category-proyectos-i-d"],"_links":{"self":[{"href":"https:\/\/cigip.webs.upv.es\/en\/wp-json\/wp\/v2\/posts\/775","targetHints":{"allow":["GET"]}}],"collection":[{"href":"https:\/\/cigip.webs.upv.es\/en\/wp-json\/wp\/v2\/posts"}],"about":[{"href":"https:\/\/cigip.webs.upv.es\/en\/wp-json\/wp\/v2\/types\/post"}],"author":[{"embeddable":true,"href":"https:\/\/cigip.webs.upv.es\/en\/wp-json\/wp\/v2\/users\/1"}],"replies":[{"embeddable":true,"href":"https:\/\/cigip.webs.upv.es\/en\/wp-json\/wp\/v2\/comments?post=775"}],"version-history":[{"count":0,"href":"https:\/\/cigip.webs.upv.es\/en\/wp-json\/wp\/v2\/posts\/775\/revisions"}],"wp:featuredmedia":[{"embeddable":true,"href":"https:\/\/cigip.webs.upv.es\/en\/wp-json\/wp\/v2\/media\/774"}],"wp:attachment":[{"href":"https:\/\/cigip.webs.upv.es\/en\/wp-json\/wp\/v2\/media?parent=775"}],"wp:term":[{"taxonomy":"category","embeddable":true,"href":"https:\/\/cigip.webs.upv.es\/en\/wp-json\/wp\/v2\/categories?post=775"},{"taxonomy":"post_tag","embeddable":true,"href":"https:\/\/cigip.webs.upv.es\/en\/wp-json\/wp\/v2\/tags?post=775"}],"curies":[{"name":"wp","href":"https:\/\/api.w.org\/{rel}","templated":true}]}}